{"id":1534,"__str__":"Requerimento Legislativo n\u00ba 23 de 2019","link_detail_backend":"/materia/1534","metadata":{},"numero":23,"ano":2019,"numero_protocolo":null,"data_apresentacao":"2019-04-04","tipo_apresentacao":"","data_publicacao":null,"numero_origem_externa":"","ano_origem_externa":null,"data_origem_externa":null,"apelido":"","dias_prazo":null,"data_fim_prazo":null,"em_tramitacao":false,"polemica":null,"objeto":"","complementar":null,"ementa":"Sejam encaminhados votos de congratula\u00e7\u00e3o ao Ilustr\u00edssimo Sr. JOS\u00c9 JENILSON DA CONCEI\u00c7\u00c3O- Vereador desta cidade, pela passagem do seu anivers\u00e1rio no dia hoje.","indexacao":"","observacao":"","resultado":"","texto_original":"http://sapl.lagarto.se.leg.br/media/sapl/public/materialegislativa/2019/1534/requerimento_no_023_de_2019_eduardo-congratulacao.pdf","data_ultima_atualizacao":"2019-05-23T09:54:14.126020-03:00","ip":"","ultima_edicao":null,"tipo":3,"regime_tramitacao":1,"tipo_origem_externa":null,"local_origem_externa":null,"user":null,"anexadas":[],"autores":[33]}