{"id":1612,"__str__":"Indica\u00e7\u00e3o n\u00ba 245 de 2019","link_detail_backend":"/materia/1612","metadata":{},"numero":245,"ano":2019,"numero_protocolo":null,"data_apresentacao":"2019-05-28","tipo_apresentacao":"E","data_publicacao":null,"numero_origem_externa":"","ano_origem_externa":null,"data_origem_externa":null,"apelido":"","dias_prazo":null,"data_fim_prazo":null,"em_tramitacao":false,"polemica":null,"objeto":"","complementar":null,"ementa":"No sentido que sejam retomadas as obras das constru\u00e7\u00f5es da creche e da Unidade B\u00e1sica de Sa\u00fade que ficam localizadas na Rua Gustavo Hora, bairro Pratas, neste munic\u00edpio.  Atendendo aos constantes apelos dos moradores da respectiva comunidade por melhorias no acesso aos servi\u00e7os prestados pelos referidos \u00f3rg\u00e3os.","indexacao":"","observacao":"","resultado":"","texto_original":null,"data_ultima_atualizacao":"2019-06-04T09:32:55.585839-03:00","ip":"177.11.156.113","ultima_edicao":null,"tipo":8,"regime_tramitacao":1,"tipo_origem_externa":null,"local_origem_externa":null,"user":39,"anexadas":[],"autores":[38]}