{"id":4227,"__str__":"Indica\u00e7\u00e3o n\u00ba 281 de 2022","link_detail_backend":"/materia/4227","metadata":{},"numero":281,"ano":2022,"numero_protocolo":null,"data_apresentacao":"2022-09-27","tipo_apresentacao":"O","data_publicacao":null,"numero_origem_externa":"","ano_origem_externa":null,"data_origem_externa":null,"apelido":"","dias_prazo":null,"data_fim_prazo":null,"em_tramitacao":false,"polemica":false,"objeto":"","complementar":false,"ementa":"No sentido que seja realizada amplia\u00e7\u00e3o e reforma da pra\u00e7a S\u00e3o Domingos, localizada no bairro Ademar de Carvalho, neste munic\u00edpio.","indexacao":"","observacao":"","resultado":"","texto_original":"http://sapl.lagarto.se.leg.br/media/sapl/public/materialegislativa/2022/4227/indicacao_n_281_de_2022_dwitht_-_praca_sao_domingos_-_copia.pdf","data_ultima_atualizacao":"2022-09-29T08:02:10.936484-03:00","ip":"177.11.156.113","ultima_edicao":"2022-09-29T08:01:06.563105-03:00","tipo":8,"regime_tramitacao":1,"tipo_origem_externa":null,"local_origem_externa":null,"user":49,"anexadas":[],"autores":[62]}