{"id":4308,"__str__":"Indica\u00e7\u00e3o n\u00ba 348 de 2022","link_detail_backend":"/materia/4308","metadata":{},"numero":348,"ano":2022,"numero_protocolo":null,"data_apresentacao":"2022-11-29","tipo_apresentacao":"O","data_publicacao":null,"numero_origem_externa":"","ano_origem_externa":null,"data_origem_externa":null,"apelido":"","dias_prazo":null,"data_fim_prazo":null,"em_tramitacao":false,"polemica":false,"objeto":"","complementar":false,"ementa":"No sentido que o sejam contempladas com o Projeto \u201cPra\u00e7a de Cara Nova\u201d os seguintes locais:\r\n\r\n    \u2022 Pra\u00e7a Santa Luzia e trevo do bal\u00e3o onde est\u00e1 localizado o monumento do lagarto \u2013 Col\u00f4nia Treze e;\r\n    \u2022 Pra\u00e7a do povoado A\u00e7uzinho, todas localizadas neste munic\u00edpio.","indexacao":"","observacao":"","resultado":"","texto_original":"http://sapl.lagarto.se.leg.br/media/sapl/public/materialegislativa/2022/4308/indicacao_n_348_de_2022_vilanio_-_projeto_praca_de_cara_nova.pdf","data_ultima_atualizacao":"2022-12-06T07:11:59.689256-03:00","ip":"177.11.156.113","ultima_edicao":"2022-12-06T07:11:36.278261-03:00","tipo":8,"regime_tramitacao":1,"tipo_origem_externa":null,"local_origem_externa":null,"user":49,"anexadas":[],"autores":[68]}