{"id":4891,"__str__":"Requerimento Legislativo n\u00ba 100 de 2023","link_detail_backend":"/materia/4891","metadata":{},"numero":100,"ano":2023,"numero_protocolo":null,"data_apresentacao":"2023-08-29","tipo_apresentacao":"E","data_publicacao":null,"numero_origem_externa":"","ano_origem_externa":null,"data_origem_externa":null,"apelido":"","dias_prazo":null,"data_fim_prazo":null,"em_tramitacao":true,"polemica":false,"objeto":"","complementar":false,"ementa":"Encaminhando votos de congratula\u00e7\u00e3o aos Srs. Alexandre Fontes, Claudefranklin Monteiro, Taysa M\u00e9rcia e ao Pe. Vagner Ara\u00fajo, pelo lan\u00e7amento do 3\u00ba Volume do Livro NO COLO DA PIEDADE no \u00faltimo dia 26, no Santu\u00e1rio de Nossa Senhora da Piedade neste munic\u00edpio.","indexacao":"","observacao":"","resultado":"","texto_original":"http://sapl.lagarto.se.leg.br/media/sapl/public/materialegislativa/2023/4891/requerimento_no_100_de_2023_matheus_-_mocao_de_congratulacao_-_lancamento_livro.pdf","data_ultima_atualizacao":"2023-08-29T07:45:10.197276-03:00","ip":"177.11.156.113","ultima_edicao":"2023-08-29T07:38:55.777995-03:00","tipo":3,"regime_tramitacao":1,"tipo_origem_externa":null,"local_origem_externa":null,"user":29,"anexadas":[],"autores":[65]}