{"id":505,"__str__":"Indica\u00e7\u00e3o n\u00ba 150 de 2017","link_detail_backend":"/materia/505","metadata":{},"numero":150,"ano":2017,"numero_protocolo":null,"data_apresentacao":"2017-04-11","tipo_apresentacao":"E","data_publicacao":null,"numero_origem_externa":"","ano_origem_externa":null,"data_origem_externa":null,"apelido":"","dias_prazo":null,"data_fim_prazo":null,"em_tramitacao":false,"polemica":null,"objeto":"","complementar":null,"ementa":"                INDICO \u00c0 MESA, NOS TERMOS REGIMENTAIS E DEPOIS DE OUVIDO O PLEN\u00c1RIO, SEJA ENCAMINHADA SOLICITA\u00c7\u00c3O AO EXCELENT\u00cdSSIMO SR. JOS\u00c9 VALMIR MONTEIRO, COM C\u00d3PIA AO ILUSTR\u00cdSSIMO SENHOR ADELSON RIBEIRO DD. DIRETOR DO DEPARTAMENTO DE TR\u00c2NSITO E TRANSPORTE URBANO -  DTTU, NO SENTIDO QUE SEJAM IMPLANTADAS VAGAS DE ESTACIONAMENTO PARA MOTOCICLETAS PARA PESSOAS PORTADORAS DE DEFICI\u00caNCIA NOS PRINCIPAIS BAIRROS DESTE MUNIC\u00cdPIO. ATENDENDO AOS CONSTANTES APELOS DOS CIDAD\u00c3OS LAGARTENSES QUE UTILIZAM TAL MODALIDADE DE TRANSPORTE.","indexacao":"","observacao":"","resultado":"","texto_original":"http://sapl.lagarto.se.leg.br/media/sapl/public/materialegislativa/2017/505/505_texto_integral.doc","data_ultima_atualizacao":"2018-03-16T13:58:05.179878-03:00","ip":"","ultima_edicao":null,"tipo":8,"regime_tramitacao":1,"tipo_origem_externa":null,"local_origem_externa":null,"user":null,"anexadas":[],"autores":[41]}