{"id":6638,"__str__":"Requerimento Legislativo n\u00ba 159 de 2025","link_detail_backend":"/materia/6638","metadata":{},"numero":159,"ano":2025,"numero_protocolo":null,"data_apresentacao":"2025-08-26","tipo_apresentacao":"E","data_publicacao":null,"numero_origem_externa":"","ano_origem_externa":null,"data_origem_externa":null,"apelido":"","dias_prazo":null,"data_fim_prazo":null,"em_tramitacao":false,"polemica":false,"objeto":"","complementar":false,"ementa":"Requeiro \u00e0 Mesa, nos termos regimentais e depois de ouvido o Plen\u00e1rio, seja encaminhada solicita\u00e7\u00e3o \u00e0 ilustr\u00edssima Sra. Cec\u00edlia Maria Santana Nascimento \u2013 protetora independente e integrante do projeto \u201cTudo por Eles\u201d, para que fa\u00e7a uso da tribuna desta Casa, a fim de explanar sobre a import\u00e2ncia da causa animal, as a\u00e7\u00f5es de prote\u00e7\u00e3o e os desafios enfrentados.","indexacao":"","observacao":"","resultado":"","texto_original":"http://sapl.lagarto.se.leg.br/media/sapl/public/materialegislativa/2025/6638/req_159.pdf","data_ultima_atualizacao":"2025-09-03T11:18:27.903135-03:00","ip":"179.109.124.214","ultima_edicao":"2025-09-03T11:18:27.820692-03:00","tipo":3,"regime_tramitacao":1,"tipo_origem_externa":null,"local_origem_externa":null,"user":67,"anexadas":[],"autores":[42]}