{"id":6762,"__str__":"Requerimento Legislativo n\u00ba 193 de 2025","link_detail_backend":"/materia/6762","metadata":{},"numero":193,"ano":2025,"numero_protocolo":null,"data_apresentacao":"2025-09-18","tipo_apresentacao":"E","data_publicacao":null,"numero_origem_externa":"","ano_origem_externa":null,"data_origem_externa":null,"apelido":"","dias_prazo":null,"data_fim_prazo":null,"em_tramitacao":false,"polemica":false,"objeto":"","complementar":false,"ementa":"Requeiro \u00e0 Mesa, nos termos regimentais e depois de ouvido o Plen\u00e1rio, seja encaminhada solicita\u00e7\u00e3o ao ilustr\u00edssimo Sr. IURI RODRIGUES \u2013 Jornalista, Cronista e Escritor, para fazer uso da Tribuna desta Casa, a fim de explanar sobre a conscientiza\u00e7\u00e3o da import\u00e2ncia da doa\u00e7\u00e3o de \u00f3rg\u00e3os, em alus\u00e3o \u00e0 campanha \u201cSetembro Verde\u201d.","indexacao":"","observacao":"","resultado":"","texto_original":"http://sapl.lagarto.se.leg.br/media/sapl/public/materialegislativa/2025/6762/req_193-2025.pdf","data_ultima_atualizacao":"2025-09-24T12:35:04.749209-03:00","ip":"179.109.124.214","ultima_edicao":"2025-09-24T12:35:04.658792-03:00","tipo":3,"regime_tramitacao":1,"tipo_origem_externa":null,"local_origem_externa":null,"user":26,"anexadas":[],"autores":[85]}