{"id":6880,"__str__":"Requerimento Legislativo n\u00ba 213 de 2025","link_detail_backend":"/materia/6880","metadata":{},"numero":213,"ano":2025,"numero_protocolo":416,"data_apresentacao":"2025-10-22","tipo_apresentacao":"E","data_publicacao":null,"numero_origem_externa":"","ano_origem_externa":null,"data_origem_externa":null,"apelido":"","dias_prazo":null,"data_fim_prazo":null,"em_tramitacao":false,"polemica":false,"objeto":"","complementar":false,"ementa":"Requeremos \u00e0 Mesa, nos termos regimentais, e ap\u00f3s ouvido o Plen\u00e1rio, que seja encaminhada solicita\u00e7\u00e3o aos Ilustr\u00edssimos Senhores Genildo Oliveira Batista -  Presidente do SINDLAGARTO e Uilson Santos Bonfim \u2013 Tesoureiro do SINDLAGARTO, para que fa\u00e7am uso da Tribuna desta Casa Legislativa, em data a ser oportunamente definida, a fim de explanarem sobre o Dia do Servidor P\u00fablico.","indexacao":"","observacao":"","resultado":"","texto_original":"http://sapl.lagarto.se.leg.br/media/sapl/public/materialegislativa/2025/6880/req_213_-_2025.pdf","data_ultima_atualizacao":"2025-11-04T11:44:32.288259-03:00","ip":"179.109.124.214","ultima_edicao":"2025-11-04T11:44:32.161801-03:00","tipo":3,"regime_tramitacao":1,"tipo_origem_externa":null,"local_origem_externa":null,"user":26,"anexadas":[],"autores":[42]}